{"id":13549,"date":"2022-06-27T04:49:14","date_gmt":"2022-06-27T02:49:14","guid":{"rendered":"http:\/\/www.ukd-stuttgart.de\/wordpress\/?p=13549"},"modified":"2025-04-28T16:32:49","modified_gmt":"2025-04-28T14:32:49","slug":"12-stuttgarter-bunkai-sv-tage","status":"publish","type":"post","link":"http:\/\/www.ukd-stuttgart.de\/wordpress\/12-stuttgarter-bunkai-sv-tage\/","title":{"rendered":"12. Stuttgarter Bunkai-\/SV-Tage"},"content":{"rendered":"<p>Am Wochenende des 25.\/26.06.2022 fanden die 12. Stuttgarter Bunkai-\/SV-Tage statt. Es war sch\u00f6n viele bekannte Gesichter nach einer langen Zeit mal wieder &#8218;live&#8216; zu sehen. Danke jedem Einzelnen UKDler f\u00fcr die Hilfe an der Kasse\/am Eingang, beim Verkauf, Auf- und Abbau! Wir freuen uns darauf, Iain Abernethy 2023 erneut in Stuttgart begr\u00fc\u00dfen zu d\u00fcrfen.<\/p>\n","protected":false},"excerpt":{"rendered":"<p>Am Wochenende des 25.\/26.06.2022 fanden die 12. Stuttgarter Bunkai-\/SV-Tage statt. Es war sch\u00f6n viele bekannte Gesichter nach einer langen Zeit mal wieder &#8218;live&#8216; zu sehen. Danke jedem Einzelnen UKDler f\u00fcr die Hilfe an der Kasse\/am Eingang, beim Verkauf, Auf- und Abbau! Wir freuen uns darauf, Iain Abernethy 2023 erneut in Stuttgart begr\u00fc\u00dfen zu d\u00fcrfen.<\/p>\n","protected":false},"author":1,"featured_media":13550,"comment_status":"closed","ping_status":"closed","sticky":false,"template":"","format":"standard","meta":{"ngg_post_thumbnail":0},"categories":[6],"tags":[],"_links":{"self":[{"href":"http:\/\/www.ukd-stuttgart.de\/wordpress\/wp-json\/wp\/v2\/posts\/13549"}],"collection":[{"href":"http:\/\/www.ukd-stuttgart.de\/wordpress\/wp-json\/wp\/v2\/posts"}],"about":[{"href":"http:\/\/www.ukd-stuttgart.de\/wordpress\/wp-json\/wp\/v2\/types\/post"}],"author":[{"embeddable":true,"href":"http:\/\/www.ukd-stuttgart.de\/wordpress\/wp-json\/wp\/v2\/users\/1"}],"replies":[{"embeddable":true,"href":"http:\/\/www.ukd-stuttgart.de\/wordpress\/wp-json\/wp\/v2\/comments?post=13549"}],"version-history":[{"count":1,"href":"http:\/\/www.ukd-stuttgart.de\/wordpress\/wp-json\/wp\/v2\/posts\/13549\/revisions"}],"predecessor-version":[{"id":13551,"href":"http:\/\/www.ukd-stuttgart.de\/wordpress\/wp-json\/wp\/v2\/posts\/13549\/revisions\/13551"}],"wp:featuredmedia":[{"embeddable":true,"href":"http:\/\/www.ukd-stuttgart.de\/wordpress\/wp-json\/wp\/v2\/media\/13550"}],"wp:attachment":[{"href":"http:\/\/www.ukd-stuttgart.de\/wordpress\/wp-json\/wp\/v2\/media?parent=13549"}],"wp:term":[{"taxonomy":"category","embeddable":true,"href":"http:\/\/www.ukd-stuttgart.de\/wordpress\/wp-json\/wp\/v2\/categories?post=13549"},{"taxonomy":"post_tag","embeddable":true,"href":"http:\/\/www.ukd-stuttgart.de\/wordpress\/wp-json\/wp\/v2\/tags?post=13549"}],"curies":[{"name":"wp","href":"https:\/\/api.w.org\/{rel}","templated":true}]}}