{"id":13546,"date":"2022-06-27T04:48:01","date_gmt":"2022-06-27T02:48:01","guid":{"rendered":"http:\/\/www.ukd-stuttgart.de\/wordpress\/?p=13546"},"modified":"2025-04-28T16:32:43","modified_gmt":"2025-04-28T14:32:43","slug":"mark-kleber-pruefung-5-dan","status":"publish","type":"post","link":"http:\/\/www.ukd-stuttgart.de\/wordpress\/mark-kleber-pruefung-5-dan\/","title":{"rendered":"Mark Kleber Pr\u00fcfung 5. DAN"},"content":{"rendered":"<p><span style=\"font-size: 9.0pt; font-family: 'Arial',sans-serif;\">Am Vorabend der 12. Bunkai-\/SV-Tage mit Iain Abernethy gab es am 24.06.2022 eine Danpr\u00fcfung. Mark Kleber vom UKD Stuttgart stellte sich als einziger Pr\u00fcfling der Pr\u00fcfung zum 5. Dan nach den Vorgaben der World Combat Association (WCA). Die insbesondere aufgrund der sehr schw\u00fclen Wetterverh\u00e4ltnisse und der nicht optimalen Bel\u00fcftungsm\u00f6glichkeit der Halle konditionell sehr(!) fordernde Pr\u00fcfung fand wie gewohnt unter Ausschluss der \u00d6ffentlichkeit statt. Mark k\u00e4mpfte sich tapfer durch alle Abschnitte (Kihon, Kata, Bunkai, Pratzen- und Live-Drills) und meisterte alle sehr gut. Nach der Pr\u00fcfung gab Iain ausf\u00fchrlich R\u00fcckmeldung zu den verschiedenen Inhalten und betonte, dass Mark sich den 5. Dan redlich verdient und mit Bravour bestanden hat.<\/span><\/p>\n<p><span style=\"font-size: 9.0pt; font-family: 'Arial',sans-serif;\">Wir sind sehr stolz, Mark in unseren Reihen zu haben und auf seine F\u00e4higkeiten als Trainer sowie als Trainingspartner zur\u00fcckgreifen zu k\u00f6nnen.<\/span><\/p>\n","protected":false},"excerpt":{"rendered":"<p>Am Vorabend der 12. Bunkai-\/SV-Tage mit Iain Abernethy gab es am 24.06.2022 eine Danpr\u00fcfung. Mark Kleber vom UKD Stuttgart stellte sich als einziger Pr\u00fcfling der Pr\u00fcfung zum 5. Dan nach den Vorgaben der World Combat Association (WCA). Die insbesondere aufgrund der sehr schw\u00fclen Wetterverh\u00e4ltnisse und der nicht optimalen Bel\u00fcftungsm\u00f6glichkeit der Halle konditionell sehr(!) fordernde Pr\u00fcfung [&hellip;]<\/p>\n","protected":false},"author":1,"featured_media":13547,"comment_status":"closed","ping_status":"closed","sticky":false,"template":"","format":"standard","meta":{"ngg_post_thumbnail":0},"categories":[94],"tags":[],"_links":{"self":[{"href":"http:\/\/www.ukd-stuttgart.de\/wordpress\/wp-json\/wp\/v2\/posts\/13546"}],"collection":[{"href":"http:\/\/www.ukd-stuttgart.de\/wordpress\/wp-json\/wp\/v2\/posts"}],"about":[{"href":"http:\/\/www.ukd-stuttgart.de\/wordpress\/wp-json\/wp\/v2\/types\/post"}],"author":[{"embeddable":true,"href":"http:\/\/www.ukd-stuttgart.de\/wordpress\/wp-json\/wp\/v2\/users\/1"}],"replies":[{"embeddable":true,"href":"http:\/\/www.ukd-stuttgart.de\/wordpress\/wp-json\/wp\/v2\/comments?post=13546"}],"version-history":[{"count":1,"href":"http:\/\/www.ukd-stuttgart.de\/wordpress\/wp-json\/wp\/v2\/posts\/13546\/revisions"}],"predecessor-version":[{"id":13548,"href":"http:\/\/www.ukd-stuttgart.de\/wordpress\/wp-json\/wp\/v2\/posts\/13546\/revisions\/13548"}],"wp:featuredmedia":[{"embeddable":true,"href":"http:\/\/www.ukd-stuttgart.de\/wordpress\/wp-json\/wp\/v2\/media\/13547"}],"wp:attachment":[{"href":"http:\/\/www.ukd-stuttgart.de\/wordpress\/wp-json\/wp\/v2\/media?parent=13546"}],"wp:term":[{"taxonomy":"category","embeddable":true,"href":"http:\/\/www.ukd-stuttgart.de\/wordpress\/wp-json\/wp\/v2\/categories?post=13546"},{"taxonomy":"post_tag","embeddable":true,"href":"http:\/\/www.ukd-stuttgart.de\/wordpress\/wp-json\/wp\/v2\/tags?post=13546"}],"curies":[{"name":"wp","href":"https:\/\/api.w.org\/{rel}","templated":true}]}}